{"id":406,"date":"2020-06-09T17:46:56","date_gmt":"2020-06-09T15:46:56","guid":{"rendered":"http:\/\/www.herbstwind-online.de\/wordpress\/?page_id=406"},"modified":"2024-11-15T08:01:25","modified_gmt":"2024-11-15T07:01:25","slug":"erinnerungen","status":"publish","type":"post","link":"https:\/\/www.herbstwind-online.de\/wordpress\/2020\/06\/09\/erinnerungen\/","title":{"rendered":"Erinnerungen"},"content":{"rendered":"<p>\u201eDie Erinnerung ist das einzige Paradies, aus dem man nicht vertrieben werden kann.\u201d So Jean Paul. Er spricht jedoch dabei nur von guten Erinnerungen oder von Erinnerungen, die von der Zeit gesch\u00f6nt wurden. Es gibt aber auch die anderen Erinnerungen. Erinnerungen, die nie verblassen, die eingebrannt sind in die Seelen der Menschen und deren ganzes Leben \u00fcberschatten.<\/p>\n<p>Wir, die Herbstwind-Online-Redakteure, allesamt Kriegskinder, haben uns des Themas \u201eErinnerungen\u201d angenommen. Der Beweggrund f\u00fcr unser Unterfangen war, Ereignisse und Erlebnisse festzuhalten, zu bewahren.<\/p>\n<p>Doch bei unseren regelm\u00e4\u00dfigen Zusammenk\u00fcnften merkten wir bald, wie gut uns selbst der Austausch unserer Erinnerungen tat. Sie machten uns manchmal nachdenklich-traurig, aber oft lachten wir auch herzlich miteinander, wenn wir vom fr\u00f6hlichen Spiel in unbegrenzter Natur und vom Aushecken lustiger Streiche sprachen.<\/p>\n<p>Jetzt ist unser Projekt zum Abschluss gekommen. Wir hoffen, dass wir unsere Leser f\u00fcr unsere &#8222;Erinnerungen&#8220; interessieren k\u00f6nnen und dass sich vielleicht mancher beim Lesen der Geschichten wiederfindet.<\/p>\n<p>Wir Online-Redakteure sind bei der gemeinsamen Arbeit Freunde geworden.<\/p>\n<p>Herzlichst Ihre<br \/>\nRenate Raidt<br \/>\nPirmasens<\/p>\n","protected":false},"excerpt":{"rendered":"<p>\u201eDie Erinnerung ist das einzige Paradies, aus dem man nicht vertrieben werden kann.\u201d So Jean Paul. Er spricht jedoch dabei nur von guten Erinnerungen oder &hellip; <\/p>\n","protected":false},"author":5,"featured_media":463,"comment_status":"closed","ping_status":"closed","sticky":false,"template":"","format":"standard","meta":{"footnotes":""},"categories":[3,28],"tags":[],"class_list":["post-406","post","type-post","status-publish","format-standard","has-post-thumbnail","hentry","category-erinnerungen","category-renate-raidt"],"_links":{"self":[{"href":"https:\/\/www.herbstwind-online.de\/wordpress\/wp-json\/wp\/v2\/posts\/406","targetHints":{"allow":["GET"]}}],"collection":[{"href":"https:\/\/www.herbstwind-online.de\/wordpress\/wp-json\/wp\/v2\/posts"}],"about":[{"href":"https:\/\/www.herbstwind-online.de\/wordpress\/wp-json\/wp\/v2\/types\/post"}],"author":[{"embeddable":true,"href":"https:\/\/www.herbstwind-online.de\/wordpress\/wp-json\/wp\/v2\/users\/5"}],"replies":[{"embeddable":true,"href":"https:\/\/www.herbstwind-online.de\/wordpress\/wp-json\/wp\/v2\/comments?post=406"}],"version-history":[{"count":4,"href":"https:\/\/www.herbstwind-online.de\/wordpress\/wp-json\/wp\/v2\/posts\/406\/revisions"}],"predecessor-version":[{"id":2263,"href":"https:\/\/www.herbstwind-online.de\/wordpress\/wp-json\/wp\/v2\/posts\/406\/revisions\/2263"}],"wp:featuredmedia":[{"embeddable":true,"href":"https:\/\/www.herbstwind-online.de\/wordpress\/wp-json\/wp\/v2\/media\/463"}],"wp:attachment":[{"href":"https:\/\/www.herbstwind-online.de\/wordpress\/wp-json\/wp\/v2\/media?parent=406"}],"wp:term":[{"taxonomy":"category","embeddable":true,"href":"https:\/\/www.herbstwind-online.de\/wordpress\/wp-json\/wp\/v2\/categories?post=406"},{"taxonomy":"post_tag","embeddable":true,"href":"https:\/\/www.herbstwind-online.de\/wordpress\/wp-json\/wp\/v2\/tags?post=406"}],"curies":[{"name":"wp","href":"https:\/\/api.w.org\/{rel}","templated":true}]}}